{"id":269,"date":"2021-05-10T20:56:52","date_gmt":"2021-05-10T18:56:52","guid":{"rendered":"https:\/\/spd-rheinhausen-mitte.de\/willkommen\/?p=269"},"modified":"2021-11-21T09:25:03","modified_gmt":"2021-11-21T08:25:03","slug":"kindergrundsicherung-durchsetzen","status":"publish","type":"post","link":"https:\/\/spd-rheinhausen-mitte.de\/willkommen\/kindergrundsicherung-durchsetzen\/","title":{"rendered":"Kindergrundsicherung durchsetzen!"},"content":{"rendered":"\n<p>Die Duisburger SPD bekennt sich mit Nachdruck zu den entwickelten Vorschl\u00e4gen f\u00fcr eine Kindergrundsicherung, die der Parteivorstand in seinem Vorschlag \u201eEin neuer Sozialstaat f\u00fcr eine neue Zeit\u201c vorgestellt hat. Wir unterst\u00fctzen das Ziel, allen Kindern mit einer Kindergrundsicherung ein gutes und gesundes Aufwachsen zu erm\u00f6glichen und bislang einzeln ausgezahlte, einzeln zu beantragende und zum Teil aufeinander anzurechnende Leistungen zusammenzuf\u00fchren. Von dem in Rede stehenden H\u00f6chstbetrag von 620 \u20ac k\u00f6nnen f\u00fcr Kinder aus Familien mit ALG II-Bezug und geringen Einkommen unabh\u00e4ngig vom Engagement der Eltern die Bildungschancen und \u2013gerechtigkeit erh\u00f6ht sowie die Teilhabe an diversen schulischen und au\u00dferschulischen Aktivit\u00e4ten\/Angeboten verbessert werden. Eine stufenweise, einkommensabh\u00e4ngige Absenkung dieses Betrages leistet zudem einen Beitrag zu mehr sozialer Gerechtigkeit, denn Eltern mit h\u00f6heren Einkommen sollen nicht mehr Leistungen f\u00fcr die elterliche Betreuung und Erziehung erhalten, als Familien mit weniger Einkommen.<\/p>\n\n\n\n<p>Wir fordern den SPD-Bundesvorstand und die SPD-Bundestagsfraktion auf, diese \u00dcberlegungen zeitnah in ein schl\u00fcssiges und gegenfinanziertes Gesamtkonzept zu \u00fcberf\u00fchren und anschlie\u00dfend alles daf\u00fcr zu tun, eine Umsetzung noch in dieser Legislaturperiode zu gew\u00e4hrleisten. Sollte es in diesem Zeitraum im Deutschen Bundestag keine Mehrheit finden, ist dieses Konzept als wesentlicher, unverhandelbarer Bestandteil k\u00fcnftiger Koalitionsverhandlungen zu behandeln.<\/p>\n\n\n\n<p>Damit die Unterst\u00fctzung auf reale Wirkung entfaltet, fordern wir den SPD-Bundesvorstand und die SPD-Bundestagsfraktion gleichzeitig auf, in der Konkretisierung der Vorschl\u00e4ge zur Kindergrundsicherung festzuschreiben, dass die Kindergrundsicherung nicht auf das ALG-II der Eltern angerechnet wird.<\/p>\n\n\n\n<p>Antragsteller: OV Rheinhausen-Mitte, OV Bergheim<br>Adressat: SPD Bundestagsfraktion, SPD Bundesvorstand<\/p>\n","protected":false},"excerpt":{"rendered":"<p>Die Duisburger SPD bekennt sich mit Nachdruck zu den entwickelten Vorschl\u00e4gen f\u00fcr eine Kindergrundsicherung, die der Parteivorstand in seinem Vorschlag<\/p>\n","protected":false},"author":4,"featured_media":0,"comment_status":"closed","ping_status":"closed","sticky":false,"template":"","format":"standard","meta":{"colormag_page_container_layout":"default_layout","colormag_page_sidebar_layout":"default_layout","footnotes":""},"categories":[10,8],"tags":[],"class_list":["post-269","post","type-post","status-publish","format-standard","hentry","category-archiv-2021","category-beschluesse"],"_links":{"self":[{"href":"https:\/\/spd-rheinhausen-mitte.de\/willkommen\/wp-json\/wp\/v2\/posts\/269","targetHints":{"allow":["GET"]}}],"collection":[{"href":"https:\/\/spd-rheinhausen-mitte.de\/willkommen\/wp-json\/wp\/v2\/posts"}],"about":[{"href":"https:\/\/spd-rheinhausen-mitte.de\/willkommen\/wp-json\/wp\/v2\/types\/post"}],"author":[{"embeddable":true,"href":"https:\/\/spd-rheinhausen-mitte.de\/willkommen\/wp-json\/wp\/v2\/users\/4"}],"replies":[{"embeddable":true,"href":"https:\/\/spd-rheinhausen-mitte.de\/willkommen\/wp-json\/wp\/v2\/comments?post=269"}],"version-history":[{"count":1,"href":"https:\/\/spd-rheinhausen-mitte.de\/willkommen\/wp-json\/wp\/v2\/posts\/269\/revisions"}],"predecessor-version":[{"id":270,"href":"https:\/\/spd-rheinhausen-mitte.de\/willkommen\/wp-json\/wp\/v2\/posts\/269\/revisions\/270"}],"wp:attachment":[{"href":"https:\/\/spd-rheinhausen-mitte.de\/willkommen\/wp-json\/wp\/v2\/media?parent=269"}],"wp:term":[{"taxonomy":"category","embeddable":true,"href":"https:\/\/spd-rheinhausen-mitte.de\/willkommen\/wp-json\/wp\/v2\/categories?post=269"},{"taxonomy":"post_tag","embeddable":true,"href":"https:\/\/spd-rheinhausen-mitte.de\/willkommen\/wp-json\/wp\/v2\/tags?post=269"}],"curies":[{"name":"wp","href":"https:\/\/api.w.org\/{rel}","templated":true}]}}