{"id":271,"date":"2021-05-10T20:55:55","date_gmt":"2021-05-10T18:55:55","guid":{"rendered":"https:\/\/spd-rheinhausen-mitte.de\/willkommen\/?p=271"},"modified":"2021-11-21T09:24:55","modified_gmt":"2021-11-21T08:24:55","slug":"fahrradstrassen-fuer-pendler-und-freizeitverkehr","status":"publish","type":"post","link":"https:\/\/spd-rheinhausen-mitte.de\/willkommen\/fahrradstrassen-fuer-pendler-und-freizeitverkehr\/","title":{"rendered":"Fahrradstra\u00dfen f\u00fcr Pendler- und Freizeitverkehr"},"content":{"rendered":"\n<p><strong>Der UB-Parteitag m\u00f6ge beschlie\u00dfen:<br>Mit diesem Antrag fordern wir Fahrradstra\u00dfen, die abseits oder parallel zu vorhandenen Stra\u00dfen und Wegen, auf die Bed\u00fcrfnisse des Pendler- und Freizeitverkehres ausgerichtet sind.<br>So sollen z.B. in Rumeln-Kaldenhausen parallel zur D\u00fcsseldorfer Stra\u00dfe eine Streckenf\u00fchrung eingerichtet werden, die entsprechend ausgebaut wird. Ebenso soll von dort aus eine Stichverbindung von der Kirchfeldstra\u00dfe zwischen Toeppersee und Tegge nach Bergheim eingerichtet werden (siehe angeh\u00e4ngte Karten).<\/strong><\/p>\n\n\n\n<p><strong>Begr\u00fcndung:<\/strong> <\/p>\n\n\n\n<p>Manche der vorgeschlagenen Stra\u00dfen sind bereits Nebenstra\u00dfen, Stra\u00dfen f\u00fcr Anlieger, verkehrsberuhigt oder Fu\u00df- und Radwege. Die Streckenf\u00fchrung entspricht also bereits einem gelebten Alltag, ist aber gr\u00f6\u00dftenteils nicht ad\u00e4quat f\u00fcr die nicht-motorisierte Verkehrsteilnehmer ausgebaut.<br>Des Weiteren soll der Radverkehr m\u00f6glichst einfach vom Kraftfahrzeugverkehr getrennt werden, damit ein ungest\u00f6rter Radverkehr m\u00f6glichst durchgehend erreicht wird.<br>In einer weiteren Ausbaustufe und nach dem Bau der C\u00f6lve-Br\u00fccke k\u00f6nnte die Neustra\u00dfe und von da aus verl\u00e4ngert am Bahndamm die Strecke bis nach Moers gef\u00fchrt werden.<br>Streckenf\u00fchrungen:<br>Die vorgeschlagene Streckenf\u00fchrung (siehe auch Kartenausschnitte):<br><br>1) Parallel zur D\u00fcsseldorfer Str.:<br><br>a. An der C\u00f6lve nach S\u00fcden am vorhandene Fu\u00dfweg am Binsenteich vorbei zur Dorfstra\u00dfe,<br>b. Dorfstra\u00dfe \u00fcber die Kirchfeldstra\u00dfe Richtung Rathausallee,<br>c. \u00dcber das alte Zechengel\u00e4nde parallel zur Siedlung am Geistfeld zur Nedleburg,<br>d. (Nedleburg zwischen D\u00fcsseldorfer Stra\u00dfe und Bergwergstra\u00dfe ausbauen),<br>e. Von der Nedleburg zur Friemersheimer Stra\u00dfe,<br>f. Von der Friemersheimer Stra\u00dfe an der Stadtgrenze Richtung Charlottering an den Anschluss D\u00fcsseldorfer Stra\u00dfe.<br><br>2) Stichverbindung nach Bergheim:<br>a. An der Marienfeldschule von der Kirchfeldstra\u00dfe Richtung Dorfstra\u00dfe.<br>b. Von der Dorfstra\u00dfe \u00fcber den Lohfelder Weg zum Hausgewann.<br>c. Zwischen Toeppersee und Tegge (Bergheimer Stra\u00dfe) zur Beekstra\u00dfe.<br><br>Perspektivisch w\u00e4re eine Weiterf\u00fchrung \u00fcber die Neustra\u00dfe (nach dem Neubau der C\u00f6lvebr\u00fccke) am Bahndamm vorbei bis zum Naherholungsgebiet Schwafheimer See denkbar.<br><br><br>Antragsteller: SPD Rumeln-Kaldenhausen, OV Rheinhausen-Mitte, OV Friemersheim<\/p>\n","protected":false},"excerpt":{"rendered":"<p>Der UB-Parteitag m\u00f6ge beschlie\u00dfen:Mit diesem Antrag fordern wir Fahrradstra\u00dfen, die abseits oder parallel zu vorhandenen Stra\u00dfen und Wegen, auf die<\/p>\n","protected":false},"author":4,"featured_media":0,"comment_status":"closed","ping_status":"closed","sticky":false,"template":"","format":"standard","meta":{"colormag_page_container_layout":"default_layout","colormag_page_sidebar_layout":"default_layout","footnotes":""},"categories":[10,8],"tags":[],"class_list":["post-271","post","type-post","status-publish","format-standard","hentry","category-archiv-2021","category-beschluesse"],"_links":{"self":[{"href":"https:\/\/spd-rheinhausen-mitte.de\/willkommen\/wp-json\/wp\/v2\/posts\/271","targetHints":{"allow":["GET"]}}],"collection":[{"href":"https:\/\/spd-rheinhausen-mitte.de\/willkommen\/wp-json\/wp\/v2\/posts"}],"about":[{"href":"https:\/\/spd-rheinhausen-mitte.de\/willkommen\/wp-json\/wp\/v2\/types\/post"}],"author":[{"embeddable":true,"href":"https:\/\/spd-rheinhausen-mitte.de\/willkommen\/wp-json\/wp\/v2\/users\/4"}],"replies":[{"embeddable":true,"href":"https:\/\/spd-rheinhausen-mitte.de\/willkommen\/wp-json\/wp\/v2\/comments?post=271"}],"version-history":[{"count":1,"href":"https:\/\/spd-rheinhausen-mitte.de\/willkommen\/wp-json\/wp\/v2\/posts\/271\/revisions"}],"predecessor-version":[{"id":272,"href":"https:\/\/spd-rheinhausen-mitte.de\/willkommen\/wp-json\/wp\/v2\/posts\/271\/revisions\/272"}],"wp:attachment":[{"href":"https:\/\/spd-rheinhausen-mitte.de\/willkommen\/wp-json\/wp\/v2\/media?parent=271"}],"wp:term":[{"taxonomy":"category","embeddable":true,"href":"https:\/\/spd-rheinhausen-mitte.de\/willkommen\/wp-json\/wp\/v2\/categories?post=271"},{"taxonomy":"post_tag","embeddable":true,"href":"https:\/\/spd-rheinhausen-mitte.de\/willkommen\/wp-json\/wp\/v2\/tags?post=271"}],"curies":[{"name":"wp","href":"https:\/\/api.w.org\/{rel}","templated":true}]}}