{"id":273,"date":"2021-05-09T01:49:43","date_gmt":"2021-05-08T23:49:43","guid":{"rendered":"https:\/\/spd-rheinhausen-mitte.de\/willkommen\/?p=273"},"modified":"2021-11-21T09:24:01","modified_gmt":"2021-11-21T08:24:01","slug":"die-stunde-der-spd-beginnt","status":"publish","type":"post","link":"https:\/\/spd-rheinhausen-mitte.de\/willkommen\/die-stunde-der-spd-beginnt\/","title":{"rendered":"Die Stunde der SPD beginnt"},"content":{"rendered":"\n<p><a rel=\"noreferrer noopener\" href=\"https:\/\/taz.de\/Olaf-Scholz-ueber-die-Kanzlerschaft\/!5760440\/\" target=\"_blank\">Interview mit Olaf Scholz \u00fcber die Kanzlerschaft<\/a><\/p>\n\n\n\n<p>Unser Kanzlerkandidat gibt in der taz Antworten zur aktuellen politischen Lage und erl\u00e4utert seine Pl\u00e4ne f\u00fcr die kommende Kanzlerschaft.<\/p>\n","protected":false},"excerpt":{"rendered":"<p>Interview mit Olaf Scholz \u00fcber die Kanzlerschaft Unser Kanzlerkandidat gibt in der taz Antworten zur aktuellen politischen Lage und erl\u00e4utert<\/p>\n","protected":false},"author":4,"featured_media":0,"comment_status":"closed","ping_status":"closed","sticky":false,"template":"","format":"standard","meta":{"colormag_page_container_layout":"default_layout","colormag_page_sidebar_layout":"default_layout","footnotes":""},"categories":[10,9],"tags":[],"class_list":["post-273","post","type-post","status-publish","format-standard","hentry","category-archiv-2021","category-bundestagswahl"],"_links":{"self":[{"href":"https:\/\/spd-rheinhausen-mitte.de\/willkommen\/wp-json\/wp\/v2\/posts\/273","targetHints":{"allow":["GET"]}}],"collection":[{"href":"https:\/\/spd-rheinhausen-mitte.de\/willkommen\/wp-json\/wp\/v2\/posts"}],"about":[{"href":"https:\/\/spd-rheinhausen-mitte.de\/willkommen\/wp-json\/wp\/v2\/types\/post"}],"author":[{"embeddable":true,"href":"https:\/\/spd-rheinhausen-mitte.de\/willkommen\/wp-json\/wp\/v2\/users\/4"}],"replies":[{"embeddable":true,"href":"https:\/\/spd-rheinhausen-mitte.de\/willkommen\/wp-json\/wp\/v2\/comments?post=273"}],"version-history":[{"count":3,"href":"https:\/\/spd-rheinhausen-mitte.de\/willkommen\/wp-json\/wp\/v2\/posts\/273\/revisions"}],"predecessor-version":[{"id":302,"href":"https:\/\/spd-rheinhausen-mitte.de\/willkommen\/wp-json\/wp\/v2\/posts\/273\/revisions\/302"}],"wp:attachment":[{"href":"https:\/\/spd-rheinhausen-mitte.de\/willkommen\/wp-json\/wp\/v2\/media?parent=273"}],"wp:term":[{"taxonomy":"category","embeddable":true,"href":"https:\/\/spd-rheinhausen-mitte.de\/willkommen\/wp-json\/wp\/v2\/categories?post=273"},{"taxonomy":"post_tag","embeddable":true,"href":"https:\/\/spd-rheinhausen-mitte.de\/willkommen\/wp-json\/wp\/v2\/tags?post=273"}],"curies":[{"name":"wp","href":"https:\/\/api.w.org\/{rel}","templated":true}]}}