{"id":609,"date":"2024-12-04T11:45:51","date_gmt":"2024-12-04T10:45:51","guid":{"rendered":"https:\/\/spd-rheinhausen-mitte.de\/willkommen\/?p=609"},"modified":"2024-12-04T11:45:51","modified_gmt":"2024-12-04T10:45:51","slug":"spd-rheinhausen-mitte-ehrt-jubilare-4","status":"publish","type":"post","link":"https:\/\/spd-rheinhausen-mitte.de\/willkommen\/spd-rheinhausen-mitte-ehrt-jubilare-4\/","title":{"rendered":"SPD Rheinhausen-Mitte ehrt Jubilare"},"content":{"rendered":"\n<p>Am letzten Wochenende ehrte der SPD-Ortsverein Rheinhausen-Mitte seine Jubilarinnen und Jubilare. Mit der Ehrung wurden die 40-j\u00e4hrige Parteimitgliedschaft von Astrid Hess und Monika Lauer &nbsp;sowie die 25-j\u00e4hrige Parteimitgliedschaft von&nbsp; B\u00e4rbel Medewitz gew\u00fcrdigt. Krankheits- und terminbedingt konnten zahlreiche Jubilare und Jubilarinnen leider nicht an der Festveranstaltung teilnehmen, und so wurden Frank Bett, Klaus Nowakowski und Claudia Peppinghaus-Nowakowski (f\u00fcr 25-j\u00e4hrige Parteizugeh\u00f6rigkeit), Dirk Bock (f\u00fcr 40-j\u00e4hrige Parteizugeh\u00f6rigkeit), Ilse Neuber und Helga Elgass ((f\u00fcr 60-j\u00e4hrige Parteizugeh\u00f6rigkeit) sowie Karlheinz Mertins ((f\u00fcr 65-j\u00e4hrige Parteizugeh\u00f6rigkeit!!!) in Abwesenheit geehrt.<\/p>\n\n\n\n<p>Ortsvereinsvorsitzender Dirk Smaczny und Bundestagsabgeordneter Mahmut \u00d6zdemir&nbsp; dankten den Jubilarinnen und Jubilaren f\u00fcr ihre Treue zur Partei und betonten, dass diese mit ihrer langj\u00e4hrigen Mitgliedschaft ein Zeichen f\u00fcr Solidarit\u00e4t und mehr soziale Gerechtigkeit in der Gesellschaft gesetzt h\u00e4tten. Sie h\u00e4tten aktiv daran mitgewirkt, ein demokratisches und soziales Gemeinwesen aufzubauen bzw. mitzugestalten und sich auch in schwierigen Zeiten nicht entmutigen lassen. \u00d6zdemir hob in seiner Dankesrede die engagierte Basisarbeit vor Ort hervor und betonte mit Blick auf die aktuelle bundespolitische Situation, dass ihm mit einer solchen Parteibasis an seiner Seite vor der Bundestagswahl nicht bange sei..<\/p>\n\n\n\n<p>Mit einem herzlichen Dankesch\u00f6n f\u00fcr jahrzehntelanges Engagement gab es dann Ehrenurkunden, Ehrenzeichen sowie Pr\u00e4sente f\u00fcr die Jubilare, bevor man dann zum gem\u00fctlichen Fr\u00fchst\u00fcck und Beisammensein \u00fcberging.<\/p>\n\n\n\n<figure class=\"wp-block-image size-full\"><img loading=\"lazy\" decoding=\"async\" width=\"759\" height=\"800\" src=\"https:\/\/spd-rheinhausen-mitte.de\/wp-content\/uploads\/2024\/12\/Jubilarehrung2024.jpeg\" alt=\"\" class=\"wp-image-610\" srcset=\"https:\/\/spd-rheinhausen-mitte.de\/wp-content\/uploads\/2024\/12\/Jubilarehrung2024.jpeg 759w, https:\/\/spd-rheinhausen-mitte.de\/wp-content\/uploads\/2024\/12\/Jubilarehrung2024-285x300.jpeg 285w\" sizes=\"auto, (max-width: 759px) 100vw, 759px\" \/><\/figure>\n\n\n\n<p>Auf beigef\u00fcgtem Bild sind zu sehen von links nach rechts: Dirk Smaczny\/OV-Vorsitzender, Hans Medewitz\/stv. OV-Vorsitzender, Astrid Hess, Monika Lauer, B\u00e4rbel Medewitz, J\u00fcrgen Edel\/Ratsher, Mahmut \u00d6zdemir\/Vorsitzender SPD Duisburg und MdB, Ersin Erdal\/Ratsherr und stv. OV-Vorsitzender<br><\/p>\n","protected":false},"excerpt":{"rendered":"<p>Am letzten Wochenende ehrte der SPD-Ortsverein Rheinhausen-Mitte seine Jubilarinnen und Jubilare. Mit der Ehrung wurden die 40-j\u00e4hrige Parteimitgliedschaft von Astrid<\/p>\n","protected":false},"author":4,"featured_media":0,"comment_status":"closed","ping_status":"closed","sticky":false,"template":"","format":"standard","meta":{"colormag_page_container_layout":"default_layout","colormag_page_sidebar_layout":"default_layout","footnotes":""},"categories":[5],"tags":[],"class_list":["post-609","post","type-post","status-publish","format-standard","hentry","category-themen-aus-der-vereinsarbeit"],"_links":{"self":[{"href":"https:\/\/spd-rheinhausen-mitte.de\/willkommen\/wp-json\/wp\/v2\/posts\/609","targetHints":{"allow":["GET"]}}],"collection":[{"href":"https:\/\/spd-rheinhausen-mitte.de\/willkommen\/wp-json\/wp\/v2\/posts"}],"about":[{"href":"https:\/\/spd-rheinhausen-mitte.de\/willkommen\/wp-json\/wp\/v2\/types\/post"}],"author":[{"embeddable":true,"href":"https:\/\/spd-rheinhausen-mitte.de\/willkommen\/wp-json\/wp\/v2\/users\/4"}],"replies":[{"embeddable":true,"href":"https:\/\/spd-rheinhausen-mitte.de\/willkommen\/wp-json\/wp\/v2\/comments?post=609"}],"version-history":[{"count":1,"href":"https:\/\/spd-rheinhausen-mitte.de\/willkommen\/wp-json\/wp\/v2\/posts\/609\/revisions"}],"predecessor-version":[{"id":611,"href":"https:\/\/spd-rheinhausen-mitte.de\/willkommen\/wp-json\/wp\/v2\/posts\/609\/revisions\/611"}],"wp:attachment":[{"href":"https:\/\/spd-rheinhausen-mitte.de\/willkommen\/wp-json\/wp\/v2\/media?parent=609"}],"wp:term":[{"taxonomy":"category","embeddable":true,"href":"https:\/\/spd-rheinhausen-mitte.de\/willkommen\/wp-json\/wp\/v2\/categories?post=609"},{"taxonomy":"post_tag","embeddable":true,"href":"https:\/\/spd-rheinhausen-mitte.de\/willkommen\/wp-json\/wp\/v2\/tags?post=609"}],"curies":[{"name":"wp","href":"https:\/\/api.w.org\/{rel}","templated":true}]}}